{"id":8083,"date":"2023-02-12T20:26:23","date_gmt":"2023-02-12T19:26:23","guid":{"rendered":"https:\/\/uyquelindo.com\/?p=8083"},"modified":"2023-05-27T19:38:28","modified_gmt":"2023-05-27T17:38:28","slug":"tendencias-en-accesorios-2023","status":"publish","type":"post","link":"https:\/\/uyquelindo.com\/fr\/tendances-en-accessoires-2023\/","title":{"rendered":"Tendances accessoires 2023"},"content":{"rendered":"<p><div class=\"fusion-fullwidth fullwidth-box fusion-builder-row-1 fusion-flex-container has-pattern-background has-mask-background hundred-percent-fullwidth non-hundred-percent-height-scrolling\" style=\"--awb-border-radius-top-left:0px;--awb-border-radius-top-right:0px;--awb-border-radius-bottom-right:0px;--awb-border-radius-bottom-left:0px;--awb-overflow:visible;--awb-margin-top:20px;--awb-margin-bottom:20px;--awb-flex-wrap:wrap;\" ><div class=\"fusion-builder-row fusion-row fusion-flex-align-items-flex-start fusion-flex-content-wrap\" style=\"width:104% !important;max-width:104% !important;margin-left: calc(-4% \/ 2 );margin-right: calc(-4% \/ 2 );\"><div class=\"fusion-layout-column fusion_builder_column fusion-builder-column-0 fusion_builder_column_1_1 1_1 fusion-flex-column fusion-flex-align-self-flex-start fusion-column-no-min-height\" style=\"--awb-bg-size:cover;--awb-width-large:100%;--awb-margin-top-large:0px;--awb-spacing-right-large:1.92%;--awb-margin-bottom-large:0px;--awb-spacing-left-large:1.92%;--awb-width-medium:100%;--awb-spacing-right-medium:1.92%;--awb-spacing-left-medium:1.92%;--awb-width-small:100%;--awb-spacing-right-small:1.92%;--awb-spacing-left-small:1.92%;\"><div class=\"fusion-column-wrapper fusion-flex-justify-content-flex-start fusion-content-layout-column\"><div class=\"fusion-text fusion-text-1\"><p><span class=\"fusion-dropcap dropcap dropcap-boxed\" style=\"--awb-border-radius:50%;\">L<\/span>Les bijoux ont toujours \u00e9t\u00e9 un accessoire cl\u00e9 pour compl\u00e9ter n&#039;importe quel look et en 2023 avec le monde de la mode en constante \u00e9volution, ce ne sera pas l&#039;exception.<br \/>\nLes tendances de cette ann\u00e9e incluent des couleurs vives et vives qui occupent le devant de la sc\u00e8ne, avec des formes et des tailles d&#039;accessoires allant du minimal au tr\u00e8s \u00e9labor\u00e9, des formes surdimensionn\u00e9es aux formes dramatiques. Mais comment associer ces accessoires pour cr\u00e9er un look casual, \u00e9l\u00e9gant ou de tous les jours ?<\/p>\n<p>Les colliers ras du cou et les maxi boucles d&#039;oreilles sont les plus populaires. De plus, les bagues et bracelets tendance aux textures et motifs uniques sont \u00e9galement une tendance majeure.<\/p>\n<p>Pour un look d\u00e9contract\u00e9, un grand tour de cou peut \u00eatre associ\u00e9 \u00e0 des boucles d&#039;oreilles sobres et \u00e0 un bracelet simplement textur\u00e9. Pour un look \u00e9l\u00e9gant, optez pour une bague tendance avec une maxi boucle d&#039;oreille et un bracelet finement d\u00e9taill\u00e9. Et pour un look de tous les jours, combinez une paire de boucles d&#039;oreilles maxi avec un bracelet simple et une bague subtile. Et si les boucles d&#039;oreilles sont votre sp\u00e9cialit\u00e9, n&#039;oubliez pas qu&#039;aujourd&#039;hui les plus petits se combinent en nombre de piercings avec des cr\u00e9oles, dans des couleurs et des versions des plus funky aux plus minimalistes.<\/p>\n<p>Il est temps d&#039;exp\u00e9rimenter des couleurs vives, des formes et des tailles saisissantes et des textures uniques pour un look personnalis\u00e9 audacieux\u00a0!<br \/>\nDe plus, dans les bijoux d&#039;aujourd&#039;hui, la polyvalence est essentielle. Mais que faire si vous voulez des bijoux accessibles, peu co\u00fbteux et confortables ? La p\u00e2te polym\u00e8re est votre r\u00e9ponse !<\/p>\n<h3><strong>Projets d&#039;accessoires \u00e0 faible co\u00fbt<\/strong><\/h3>\n<p>Siguiendo estas tendencias, tambi\u00e9n es posible desarrollar proyectos de accesorios asequibles y c\u00f3modos con arcilla polim\u00e9rica. Este material ofrece una amplia gama de colores de combinaciones infinitas y ATENCION, porque la moda no es s\u00f3lo \u00ablo que se lleva\u00bb sino que mediante esas combinaciones de color, puedes hacer tu \u00abdeclaraci\u00f3n de autor\u00bb escogiendo las paletas que se ajusten a tu marca y generando una versi\u00f3n propia incluyendo las gamas de esas tendencias. Esto es, si el morado es lo que se usa, dar\u00e1s una versi\u00f3n de morado af\u00edn a tu impronta de artista.<\/p>\n<p>Avec ce mat\u00e9riau l\u00e9ger et polyvalent et en utilisant les bons outils, il est possible d&#039;\u00e9tendre ce projet vers des march\u00e9s ax\u00e9s sur la durabilit\u00e9, o\u00f9 l&#039;on s&#039;int\u00e9resse \u00e0 la nouveaut\u00e9, aux produits faits \u00e0 la main avec une empreinte personnelle. Les bijoux fabriqu\u00e9s \u00e0 la main avec de l&#039;argile polym\u00e8re ont le m\u00eame sceau d&#039;authenticit\u00e9 et de qualit\u00e9 que les bijoux d&#039;autres auteurs. Il est important de le souligner afin de professionnaliser votre marque.<\/p>\n<\/div><\/div><\/div><\/div><\/div><div class=\"fusion-fullwidth fullwidth-box fusion-builder-row-2 fusion-flex-container hundred-percent-fullwidth non-hundred-percent-height-scrolling\" style=\"--awb-border-radius-top-left:0px;--awb-border-radius-top-right:0px;--awb-border-radius-bottom-right:0px;--awb-border-radius-bottom-left:0px;--awb-overflow:visible;--awb-flex-wrap:wrap;\" ><div class=\"fusion-builder-row fusion-row fusion-flex-align-items-flex-start fusion-flex-content-wrap\" style=\"width:104% !important;max-width:104% !important;margin-left: calc(-4% \/ 2 );margin-right: calc(-4% \/ 2 );\"><div class=\"fusion-layout-column fusion_builder_column fusion-builder-column-1 fusion_builder_column_1_3 1_3 fusion-flex-column\" style=\"--awb-bg-size:cover;--awb-width-large:33.333333333333%;--awb-margin-top-large:0px;--awb-spacing-right-large:5.76%;--awb-margin-bottom-large:0px;--awb-spacing-left-large:5.76%;--awb-width-medium:100%;--awb-spacing-right-medium:1.92%;--awb-spacing-left-medium:1.92%;--awb-width-small:100%;--awb-spacing-right-small:1.92%;--awb-spacing-left-small:1.92%;\"><div class=\"fusion-column-wrapper fusion-flex-justify-content-flex-start fusion-content-layout-column\"><div class=\"fusion-title title fusion-title-1 fusion-sep-none fusion-title-text fusion-title-size-one\" style=\"--awb-margin-top-small:0px;--awb-margin-right-small:0px;--awb-margin-bottom-small:20px;--awb-margin-left-small:0px;\"><h1 class=\"fusion-title-heading title-heading-left fusion-responsive-typography-calculated\" style=\"margin:0;--fontSize:35;line-height:1;\">Votre cachet personnel en tant que marque professionnelle<\/h1><\/div><div class=\"fusion-separator fusion-full-width-sep\" style=\"align-self: center;margin-left: auto;margin-right: auto;margin-top:20px;width:100%;\"><\/div><a data-pin-do=\"embedBoard\" data-pin-lang=\"es\" data-pin-board-width=\"300\" data-pin-scale-height=\"300\" data-pin-scale-width=\"115\" href=\"https:\/\/www.pinterest.es\/uyquelindo\/jewelry-thinking\/\" target=\"_blank\" rel=\"noopener\"><\/a><\/div><\/div><div class=\"fusion-layout-column fusion_builder_column fusion-builder-column-2 fusion_builder_column_2_3 2_3 fusion-flex-column fusion-flex-align-self-flex-start fusion-column-no-min-height\" style=\"--awb-bg-size:cover;--awb-width-large:66.666666666667%;--awb-margin-top-large:0px;--awb-spacing-right-large:2.88%;--awb-margin-bottom-large:0px;--awb-spacing-left-large:2.88%;--awb-width-medium:100%;--awb-spacing-right-medium:1.92%;--awb-spacing-left-medium:1.92%;--awb-width-small:100%;--awb-spacing-right-small:1.92%;--awb-spacing-left-small:1.92%;\"><div class=\"fusion-column-wrapper fusion-flex-justify-content-flex-start fusion-content-layout-column\"><div class=\"fusion-text fusion-text-2\"><h3>De bons mat\u00e9riaux pour faciliter votre travail<\/h3>\n<p>Cuando comenzamos en UY, utilizamos los mismos criterios que todo el mundo \u00ablearning by doing\u00bb, esto es, viendo c\u00f3mo otros makers mediante la experiencia iban introduciendo novedades al canal productivo. Entonces nos encontramos con las mismas dificultades que todos, talvez con otros agregados a nuestro favor como el dise\u00f1o y el desarrollo de proyectos. De todos modos tomamos como premisa simplificar los procesos y obtener resultados novedosos.<br \/>\nC&#039;est pourquoi nous avons d\u00e9velopp\u00e9 nos propres cutters et avons d\u00e9cid\u00e9 de les mettre \u00e0 la disposition de tous ceux qui veulent s&#039;engager dans la m\u00eame voie.<br \/>\nLa question est donc : allez-vous r\u00e9p\u00e9ter ce que font les autres ? Allez-vous d\u00e9velopper votre propre marque ? Ferez-vous des pi\u00e8ces classiques ou modifierez-vous la sym\u00e9trie et le volume \u00e0 la recherche d&#039;un client particulier\u00a0?<\/p>\n<h3>Investissez dans votre image<\/h3>\n<p>Dans les mois \u00e0 venir, accompagnant les nouveaut\u00e9s dans les outils, nous int\u00e9grerons :<\/p>\n<ol>\n<li>Papiers de transfert sur p\u00e2te polym\u00e8re avec des motifs uniques.<\/li>\n<li>Texturisants aux motifs floraux, g\u00e9om\u00e9triques, organiques, suivant nos lignes actuelles.<\/li>\n<li>Des graphismes et des designs qui transforment une partie essentielle de votre exp\u00e9rience en tant que marque, l&#039;emballage, en quelque chose d&#039;int\u00e9ressant et m\u00e9morable pour vos clients : cartes de remerciement, autocollants, bo\u00eetes sp\u00e9ciales et plus encore.<\/li>\n<\/ol>\n<h5>Faites attention que nous allons bient\u00f4t t\u00e9l\u00e9charger les nouvelles et communiquer via les r\u00e9seaux sociaux.<br \/>\n<em><strong>Bonnes cr\u00e9ations et bonnes ventes !<\/strong><\/em><\/h5>\n<\/div><\/div><\/div><\/div><\/div><\/p>","protected":false},"excerpt":{"rendered":"","protected":false},"author":1,"featured_media":8110,"comment_status":"open","ping_status":"open","sticky":false,"template":"","format":"standard","meta":{"footnotes":""},"categories":[453,522],"tags":[451,450,452],"class_list":["post-8083","post","type-post","status-publish","format-standard","has-post-thumbnail","hentry","category-news","category-tendencias","tag-cortadores-para-arcilla","tag-herramientas-para-makers","tag-impresion-3d"],"_links":{"self":[{"href":"https:\/\/uyquelindo.com\/fr\/wp-json\/wp\/v2\/posts\/8083","targetHints":{"allow":["GET"]}}],"collection":[{"href":"https:\/\/uyquelindo.com\/fr\/wp-json\/wp\/v2\/posts"}],"about":[{"href":"https:\/\/uyquelindo.com\/fr\/wp-json\/wp\/v2\/types\/post"}],"author":[{"embeddable":true,"href":"https:\/\/uyquelindo.com\/fr\/wp-json\/wp\/v2\/users\/1"}],"replies":[{"embeddable":true,"href":"https:\/\/uyquelindo.com\/fr\/wp-json\/wp\/v2\/comments?post=8083"}],"version-history":[{"count":0,"href":"https:\/\/uyquelindo.com\/fr\/wp-json\/wp\/v2\/posts\/8083\/revisions"}],"wp:featuredmedia":[{"embeddable":true,"href":"https:\/\/uyquelindo.com\/fr\/wp-json\/wp\/v2\/media\/8110"}],"wp:attachment":[{"href":"https:\/\/uyquelindo.com\/fr\/wp-json\/wp\/v2\/media?parent=8083"}],"wp:term":[{"taxonomy":"category","embeddable":true,"href":"https:\/\/uyquelindo.com\/fr\/wp-json\/wp\/v2\/categories?post=8083"},{"taxonomy":"post_tag","embeddable":true,"href":"https:\/\/uyquelindo.com\/fr\/wp-json\/wp\/v2\/tags?post=8083"}],"curies":[{"name":"wp","href":"https:\/\/api.w.org\/{rel}","templated":true}]}}